{"id":967,"global_id":"www.lemuseedespompiers.re?id=967","global_id_lineage":["www.lemuseedespompiers.re?id=967"],"author":"1","status":"publish","date":"2025-07-03 07:31:20","date_utc":"2025-07-03 05:31:20","modified":"2025-07-03 11:10:43","modified_utc":"2025-07-03 09:10:43","url":"https:\/\/www.lemuseedespompiers.re\/index.php\/event\/exposition-au-feu-les-pompiers\/","rest_url":"https:\/\/www.lemuseedespompiers.re\/index.php\/wp-json\/tribe\/events\/v1\/events\/967","title":"Exposition &#8211; Au feu les pompiers !","description":"<p data-start=\"118\" data-end=\"321\"><strong data-start=\"118\" data-end=\"166\">Exposition \u2013 70 ans au service de La R\u00e9union<\/strong><br data-start=\"166\" data-end=\"169\" \/>Du 15 juillet au 30 novembre 2025, du lundi au vendredi, de 08h00 \u00e0 16h00<br data-start=\"242\" data-end=\"245\" \/><strong data-start=\"245\" data-end=\"287\">Archives d\u00e9partementales de La R\u00e9union<\/strong><br data-start=\"287\" data-end=\"290\" \/>Rue Marcel Pagnol \u2013 Saint-Denis<\/p>\n<p data-start=\"323\" data-end=\"496\">\u00c0 l\u2019occasion des 70 ans du Service D\u00e9partemental d\u2019Incendie et de Secours (SDIS 974), l\u2019exposition retrace l\u2019histoire riche et engag\u00e9e des sapeurs-pompiers de La R\u00e9union :<\/p>\n<ul>\n<li data-start=\"499\" data-end=\"558\">leurs origines ancr\u00e9es dans le tissu communal et colonial<\/li>\n<li data-start=\"499\" data-end=\"558\">les grandes catastrophes (incendies, cyclones) qui ont marqu\u00e9 la m\u00e9moire collective<\/li>\n<li data-start=\"649\" data-end=\"710\">l\u2019\u00e9volution spectaculaire du mat\u00e9riel, du Laffly aux drones<\/li>\n<li data-start=\"713\" data-end=\"766\">les femmes et les jeunes qui incarnent le renouveau<\/li>\n<li data-start=\"769\" data-end=\"830\">les valeurs humaines transmises de g\u00e9n\u00e9ration en g\u00e9n\u00e9ration<\/li>\n<\/ul>\n<p data-start=\"832\" data-end=\"864\">Objets embl\u00e9matiques expos\u00e9s :<\/p>\n<ul data-start=\"865\" data-end=\"1038\">\n<li data-start=\"865\" data-end=\"909\">Pompe \u00e0 bras du XIXe si\u00e8cle<\/li>\n<li data-start=\"865\" data-end=\"909\">Echelles \u00e0 crochets, en bois et en m\u00e9tal<\/li>\n<li data-start=\"865\" data-end=\"909\">Uniformes, archives, frise chronologique interactive<\/li>\n<li data-start=\"865\" data-end=\"909\">QR codes de t\u00e9moignages audio\/vid\u00e9o<\/li>\n<\/ul>\n<p data-start=\"1040\" data-end=\"1148\">L\u2019exposition sert aussi de vitrine au futur mus\u00e9e des sapeurs-pompiers de La R\u00e9union et de l\u2019Oc\u00e9an Indien.<\/p>\n<p data-start=\"1150\" data-end=\"1291\"><strong data-start=\"1150\" data-end=\"1170\">Entr\u00e9e gratuite.<\/strong><br data-start=\"1170\" data-end=\"1173\" \/><strong data-start=\"1173\" data-end=\"1214\">Ferm\u00e9e les week-ends et jours f\u00e9ri\u00e9s.<\/strong><br data-start=\"1214\" data-end=\"1217\" \/>Pr\u00e9sence ponctuelle de pompiers pour accueillir le public : dates \u00e0 venir.<\/p>","excerpt":"","slug":"exposition-au-feu-les-pompiers","image":{"url":"https:\/\/www.lemuseedespompiers.re\/wp-content\/uploads\/2025\/07\/Expo_SDIS_ADR_1080x1350.jpg","id":980,"extension":"jpg","width":1080,"height":1350,"filesize":1293109,"sizes":{"medium":{"width":240,"height":300,"mime-type":"image\/jpeg","filesize":32626,"url":"https:\/\/www.lemuseedespompiers.re\/wp-content\/uploads\/2025\/07\/Expo_SDIS_ADR_1080x1350-240x300.jpg"},"large":{"width":819,"height":1024,"mime-type":"image\/jpeg","filesize":247007,"url":"https:\/\/www.lemuseedespompiers.re\/wp-content\/uploads\/2025\/07\/Expo_SDIS_ADR_1080x1350-819x1024.jpg"},"thumbnail":{"width":150,"height":150,"mime-type":"image\/jpeg","filesize":14480,"url":"https:\/\/www.lemuseedespompiers.re\/wp-content\/uploads\/2025\/07\/Expo_SDIS_ADR_1080x1350-150x150.jpg"},"medium_large":{"width":768,"height":960,"mime-type":"image\/jpeg","filesize":221735,"url":"https:\/\/www.lemuseedespompiers.re\/wp-content\/uploads\/2025\/07\/Expo_SDIS_ADR_1080x1350-768x960.jpg"},"woocommerce_thumbnail":{"width":300,"height":300,"mime-type":"image\/jpeg","filesize":39826,"uncropped":false,"url":"https:\/\/www.lemuseedespompiers.re\/wp-content\/uploads\/2025\/07\/Expo_SDIS_ADR_1080x1350-300x300.jpg"},"woocommerce_single":{"width":600,"height":750,"mime-type":"image\/jpeg","filesize":146481,"url":"https:\/\/www.lemuseedespompiers.re\/wp-content\/uploads\/2025\/07\/Expo_SDIS_ADR_1080x1350-600x750.jpg"},"woocommerce_gallery_thumbnail":{"width":100,"height":100,"mime-type":"image\/jpeg","filesize":8974,"url":"https:\/\/www.lemuseedespompiers.re\/wp-content\/uploads\/2025\/07\/Expo_SDIS_ADR_1080x1350-100x100.jpg"}}},"all_day":false,"start_date":"2025-07-16 08:00:00","start_date_details":{"year":"2025","month":"07","day":"16","hour":"08","minutes":"00","seconds":"00"},"end_date":"2025-11-30 16:00:00","end_date_details":{"year":"2025","month":"11","day":"30","hour":"16","minutes":"00","seconds":"00"},"utc_start_date":"2025-07-16 06:00:00","utc_start_date_details":{"year":"2025","month":"07","day":"16","hour":"06","minutes":"00","seconds":"00"},"utc_end_date":"2025-11-30 15:00:00","utc_end_date_details":{"year":"2025","month":"11","day":"30","hour":"15","minutes":"00","seconds":"00"},"timezone":"Europe\/Paris","timezone_abbr":"CEST","cost":"","cost_details":{"currency_symbol":"$","currency_code":"USD","currency_position":"prefix","values":[]},"website":"","show_map":true,"show_map_link":true,"hide_from_listings":false,"sticky":false,"featured":false,"categories":[],"tags":[],"venue":{"id":968,"author":"1","status":"publish","date":"2025-07-03 07:31:20","date_utc":"2025-07-03 05:31:20","modified":"2025-07-03 07:31:20","modified_utc":"2025-07-03 05:31:20","url":"https:\/\/www.lemuseedespompiers.re\/index.php\/lieu\/archives-departementales-de-la-reunion\/","venue":"Archives d\u00e9partementales de La R\u00e9union","slug":"archives-departementales-de-la-reunion","address":"4 rue Marcel Pagnol","city":"Saint-Denis","country":"Reunion","zip":"97400","website":"http:\/\/www.cg974.fr\/culture\/index.php\/Archives\/prsentation-archives\/archives-departementales.html","json_ld":{"@type":"Place","name":"Archives d\u00e9partementales de La R\u00e9union","description":"","url":"","address":{"@type":"PostalAddress","streetAddress":"4 rue Marcel Pagnol","addressLocality":"Saint-Denis","postalCode":"97400","addressCountry":"Reunion"},"telephone":"","sameAs":"http:\/\/www.cg974.fr\/culture\/index.php\/Archives\/prsentation-archives\/archives-departementales.html"},"show_map":true,"show_map_link":true,"global_id":"www.lemuseedespompiers.re?id=968","global_id_lineage":["www.lemuseedespompiers.re?id=968"]},"organizer":[{"id":969,"author":"1","status":"publish","date":"2025-07-03 07:31:20","date_utc":"2025-07-03 05:31:20","modified":"2025-07-03 07:31:20","modified_utc":"2025-07-03 05:31:20","url":"https:\/\/www.lemuseedespompiers.re\/index.php\/organisateur\/association-des-amis-du-musee-des-sapeurs-pompiers-de-la-reunion-et-de-locean-indien\/","organizer":"Association des Amis du Mus\u00e9e des Sapeurs-pompiers de La R\u00e9union et de l&#8217;oc\u00e9an Indien","slug":"association-des-amis-du-musee-des-sapeurs-pompiers-de-la-reunion-et-de-locean-indien","phone":"0693316055","website":"https:\/\/lemuseedespompiers.re","email":"contact@lemuseedespompiers.re","json_ld":{"@type":"Person","name":"Association des Amis du Mus\u00e9e des Sapeurs-pompiers de La R\u00e9union et de l&#8217;oc\u00e9an Indien","description":"","url":"https:\/\/lemuseedespompiers.re","telephone":"0693316055","email":"&#99;ontact&#64;&#108;e&#109;&#117;seed&#101;&#115;p&#111;m&#112;ie&#114;&#115;&#46;&#114;&#101;","sameAs":"https:\/\/lemuseedespompiers.re"},"global_id":"www.lemuseedespompiers.re?id=969","global_id_lineage":["www.lemuseedespompiers.re?id=969"]}],"custom_fields":[],"json_ld":{"@context":"http:\/\/schema.org","@type":"Event","name":"Exposition &#8211; Au feu les pompiers !","description":"&lt;p&gt;Exposition \u2013 70 ans au service de La R\u00e9unionDu 15 juillet au 30 novembre 2025, du lundi au vendredi, de 08h00 \u00e0 16h00Archives d\u00e9partementales de La R\u00e9unionRue Marcel Pagnol \u2013 [&hellip;]&lt;\/p&gt;\\n","image":"https:\/\/www.lemuseedespompiers.re\/wp-content\/uploads\/2025\/07\/Expo_SDIS_ADR_1080x1350.jpg","url":"https:\/\/www.lemuseedespompiers.re\/index.php\/event\/exposition-au-feu-les-pompiers\/","eventAttendanceMode":"https:\/\/schema.org\/OfflineEventAttendanceMode","eventStatus":"https:\/\/schema.org\/EventScheduled","startDate":"2025-07-16T08:00:00+02:00","endDate":"2025-11-30T16:00:00+01:00","location":{"@type":"Place","name":"Archives d\u00e9partementales de La R\u00e9union","description":"","url":"","address":{"@type":"PostalAddress","streetAddress":"4 rue Marcel Pagnol","addressLocality":"Saint-Denis","postalCode":"97400","addressCountry":"Reunion"},"telephone":"","sameAs":"http:\/\/www.cg974.fr\/culture\/index.php\/Archives\/prsentation-archives\/archives-departementales.html"},"organizer":{"@type":"Person","name":"Association des Amis du Mus\u00e9e des Sapeurs-pompiers de La R\u00e9union et de l&#8217;oc\u00e9an Indien","description":"","url":"https:\/\/lemuseedespompiers.re","telephone":"0693316055","email":"&#99;&#111;&#110;ta&#99;&#116;&#64;&#108;&#101;&#109;us&#101;ede&#115;pomp&#105;e&#114;&#115;&#46;r&#101;","sameAs":"https:\/\/lemuseedespompiers.re"},"performer":"Organization"},"ticketed":false}