{"id":1080,"date":"2025-07-10T13:28:22","date_gmt":"2025-07-10T11:28:22","guid":{"rendered":"https:\/\/www.lemuseedespompiers.re\/?p=1080"},"modified":"2025-07-10T13:28:23","modified_gmt":"2025-07-10T11:28:23","slug":"decorations-et-distinctions-dans-les-services-dincendie","status":"publish","type":"post","link":"https:\/\/www.lemuseedespompiers.re\/index.php\/2025\/07\/10\/decorations-et-distinctions-dans-les-services-dincendie\/","title":{"rendered":"D\u00e9corations et distinctions dans les services d\u2019incendie"},"content":{"rendered":"\n<p>L\u2019exposition propos\u00e9e par notre association \u00e0 l&#8217;occasion des 70 ans du SDIS pr\u00e9sente plusieurs d\u00e9corations. Ces d\u00e9corations ne sont pas sp\u00e9cifiquement attribu\u00e9es \u00e0 des sapeurs-pompiers, mais elles L\u2019exposition propos\u00e9e par notre association \u00e0 l&#8217;occasion des 70 ans du SDIS pr\u00e9sente plusieurs d\u00e9corations. Ces distinctions ne sont pas exclusivement r\u00e9serv\u00e9es aux sapeurs-pompiers, mais elles figurent parmi les plus fr\u00e9quemment attribu\u00e9es au sein des SDIS. Elles r\u00e9pondent \u00e0 des crit\u00e8res pr\u00e9cis et incarnent la reconnaissance officielle de la Nation ou de l\u2019institution pour des actes de courage, des services rendus \u00e0 la s\u00e9curit\u00e9 int\u00e9rieure ou une carri\u00e8re exemplaire.<\/p>\n\n\n\n<hr class=\"wp-block-separator has-alpha-channel-opacity\"\/>\n\n\n\n<h3 class=\"wp-block-heading\">1. M\u00e9daille pour acte de courage et de d\u00e9vouement<\/h3>\n\n\n\n<div class=\"wp-block-columns is-layout-flex wp-container-core-columns-is-layout-9d6595d7 wp-block-columns-is-layout-flex\">\n<div class=\"wp-block-column is-layout-flow wp-block-column-is-layout-flow\">\n<p>D\u00e9coration destin\u00e9e \u00e0 toute personne ayant expos\u00e9 sa vie pour porter secours \u00e0 autrui. Chez les sapeurs-pompiers, elle peut \u00e9galement \u00eatre attribu\u00e9e pour des d\u00e9cisions de commandement d\u00e9terminantes lors d\u2019op\u00e9rations \u00e0 fort enjeu.<\/p>\n\n\n\n<p><strong>Conditions :<\/strong><\/p>\n\n\n\n<ul class=\"wp-block-list\">\n<li>Sauvetage au p\u00e9ril de sa vie ;<\/li>\n\n\n\n<li>D\u00e9cision de commandement ayant permis de sauver des vies ou de pr\u00e9server des biens majeurs.<\/li>\n<\/ul>\n\n\n\n<p><strong>\u00c9chelons :<\/strong><\/p>\n\n\n\n<ul class=\"wp-block-list\">\n<li>Bronze<\/li>\n\n\n\n<li>Argent (2e et 1re classe)<\/li>\n\n\n\n<li>Vermeil<\/li>\n\n\n\n<li>Or (souvent \u00e0 titre posthume)<\/li>\n<\/ul>\n<\/div>\n\n\n\n<div class=\"wp-block-column is-layout-flow wp-block-column-is-layout-flow\">\n<figure class=\"wp-block-image size-full\"><img loading=\"lazy\" decoding=\"async\" width=\"420\" height=\"594\" src=\"https:\/\/www.lemuseedespompiers.re\/wp-content\/uploads\/2025\/07\/image-removebg-preview-3.png\" alt=\"\" class=\"wp-image-1090\" srcset=\"https:\/\/www.lemuseedespompiers.re\/wp-content\/uploads\/2025\/07\/image-removebg-preview-3.png 420w, https:\/\/www.lemuseedespompiers.re\/wp-content\/uploads\/2025\/07\/image-removebg-preview-3-212x300.png 212w\" sizes=\"auto, (max-width: 420px) 100vw, 420px\" \/><\/figure>\n<\/div>\n<\/div>\n\n\n\n<p>Elle peut \u00eatre d\u00e9cern\u00e9e individuellement ou collectivement, avec attribution d\u2019une fourrag\u00e8re tricolore aux membres concern\u00e9s. Ce fut le cas \u00e0 La R\u00e9union en 2021 : le drapeau du corps d\u00e9partemental a \u00e9t\u00e9 d\u00e9cor\u00e9 par monsieur le Pr\u00e9fet d&#8217;une m\u00e9daille d\u2019argent de 2e classe, avec autorisation pour les sapeurs-pompiers de La R\u00e9union de porter la fourrag\u00e8re.<\/p>\n\n\n\n<hr class=\"wp-block-separator has-alpha-channel-opacity\"\/>\n\n\n\n<h3 class=\"wp-block-heading\">2. M\u00e9daille de la s\u00e9curit\u00e9 int\u00e9rieure<\/h3>\n\n\n\n<div class=\"wp-block-columns is-layout-flex wp-container-core-columns-is-layout-9d6595d7 wp-block-columns-is-layout-flex\">\n<div class=\"wp-block-column is-layout-flow wp-block-column-is-layout-flow\">\n<figure class=\"wp-block-image size-full\"><img loading=\"lazy\" decoding=\"async\" width=\"352\" height=\"708\" src=\"https:\/\/www.lemuseedespompiers.re\/wp-content\/uploads\/2025\/07\/image-removebg-preview-2.png\" alt=\"\" class=\"wp-image-1089\" srcset=\"https:\/\/www.lemuseedespompiers.re\/wp-content\/uploads\/2025\/07\/image-removebg-preview-2.png 352w, https:\/\/www.lemuseedespompiers.re\/wp-content\/uploads\/2025\/07\/image-removebg-preview-2-149x300.png 149w\" sizes=\"auto, (max-width: 352px) 100vw, 352px\" \/><\/figure>\n<\/div>\n\n\n\n<div class=\"wp-block-column is-layout-flow wp-block-column-is-layout-flow\">\n<p>D\u00e9coration cr\u00e9\u00e9e en 2012, attribu\u00e9e \u00e0 des agents ayant accompli des actions marquantes dans le cadre de la s\u00e9curit\u00e9 int\u00e9rieure, qu\u2019elles soient ponctuelles ou continues.<\/p>\n\n\n\n<p><strong>Conditions :<\/strong><\/p>\n\n\n\n<ul class=\"wp-block-list\">\n<li>Engagement d\u00e9passant le cadre habituel du service ;<\/li>\n\n\n\n<li>Actions en faveur du volontariat, de l\u2019innovation, de la gestion de crise, ou du rayonnement du SDIS.<\/li>\n<\/ul>\n\n\n\n<p><strong>\u00c9chelons :<\/strong><\/p>\n\n\n\n<ul class=\"wp-block-list\">\n<li>Bronze<\/li>\n\n\n\n<li>Argent<\/li>\n\n\n\n<li>Or<\/li>\n<\/ul>\n\n\n\n<p>Des agrafes sp\u00e9cifiques peuvent accompagner cette m\u00e9daille selon la nature des missions. Elle est attribu\u00e9e sans condition d\u2019anciennet\u00e9.<\/p>\n<\/div>\n<\/div>\n\n\n\n<hr class=\"wp-block-separator has-alpha-channel-opacity\"\/>\n\n\n\n<h3 class=\"wp-block-heading\">3. M\u00e9daille d\u2019honneur des sapeurs-pompiers pour anciennet\u00e9 ou services exceptionnels<\/h3>\n\n\n\n<h4 class=\"wp-block-heading\">a) Pour anciennet\u00e9<\/h4>\n\n\n\n<div class=\"wp-block-columns is-layout-flex wp-container-core-columns-is-layout-9d6595d7 wp-block-columns-is-layout-flex\">\n<div class=\"wp-block-column is-layout-flow wp-block-column-is-layout-flow\">\n<p>Elle r\u00e9compense les sapeurs-pompiers ayant fait preuve de constance et de fid\u00e9lit\u00e9 au service.<\/p>\n\n\n\n<p><strong>\u00c9chelons :<\/strong><\/p>\n\n\n\n<ul class=\"wp-block-list\">\n<li>Bronze (10 ans)<\/li>\n\n\n\n<li>Argent (20 ans)<\/li>\n\n\n\n<li>Or (30 ans)<\/li>\n\n\n\n<li>Grand Or (40 ans)<\/li>\n<\/ul>\n<\/div>\n\n\n\n<div class=\"wp-block-column is-layout-flow wp-block-column-is-layout-flow\">\n<figure class=\"wp-block-image size-full\"><img loading=\"lazy\" decoding=\"async\" width=\"432\" height=\"578\" src=\"https:\/\/www.lemuseedespompiers.re\/wp-content\/uploads\/2025\/07\/image-removebg-preview.png\" alt=\"\" class=\"wp-image-1086\" srcset=\"https:\/\/www.lemuseedespompiers.re\/wp-content\/uploads\/2025\/07\/image-removebg-preview.png 432w, https:\/\/www.lemuseedespompiers.re\/wp-content\/uploads\/2025\/07\/image-removebg-preview-224x300.png 224w\" sizes=\"auto, (max-width: 432px) 100vw, 432px\" \/><\/figure>\n<\/div>\n<\/div>\n\n\n\n<h4 class=\"wp-block-heading\">b) Pour services exceptionnels<\/h4>\n\n\n\n<div class=\"wp-block-columns is-layout-flex wp-container-core-columns-is-layout-9d6595d7 wp-block-columns-is-layout-flex\">\n<div class=\"wp-block-column is-layout-flow wp-block-column-is-layout-flow\">\n<figure class=\"wp-block-image size-full\"><img loading=\"lazy\" decoding=\"async\" width=\"378\" height=\"661\" src=\"https:\/\/www.lemuseedespompiers.re\/wp-content\/uploads\/2025\/07\/image-removebg-preview-1.png\" alt=\"\" class=\"wp-image-1087\" srcset=\"https:\/\/www.lemuseedespompiers.re\/wp-content\/uploads\/2025\/07\/image-removebg-preview-1.png 378w, https:\/\/www.lemuseedespompiers.re\/wp-content\/uploads\/2025\/07\/image-removebg-preview-1-172x300.png 172w\" sizes=\"auto, (max-width: 378px) 100vw, 378px\" \/><\/figure>\n<\/div>\n\n\n\n<div class=\"wp-block-column is-layout-flow wp-block-column-is-layout-flow\">\n<p>Elle distingue les agents s\u2019\u00e9tant particuli\u00e8rement illustr\u00e9s par leur comp\u00e9tence, leur investissement ou leurs responsabilit\u00e9s dans l\u2019exercice de leurs fonctions.<\/p>\n\n\n\n<p><strong>\u00c9chelons :<\/strong><\/p>\n\n\n\n<ul class=\"wp-block-list\">\n<li>Argent<\/li>\n\n\n\n<li>Vermeil<\/li>\n\n\n\n<li>Or<\/li>\n<\/ul>\n\n\n\n<p>Elle est ind\u00e9pendante de l\u2019anciennet\u00e9 et peut \u00eatre d\u00e9cern\u00e9e \u00e0 tout moment de la carri\u00e8re.<\/p>\n<\/div>\n<\/div>\n\n\n\n<hr class=\"wp-block-separator has-alpha-channel-opacity\"\/>\n\n\n\n<p><strong>Texte de r\u00e9f\u00e9rence :<\/strong><\/p>\n\n\n\n<ul class=\"wp-block-list\">\n<li><a href=\"https:\/\/www.legifrance.gouv.fr\/loda\/id\/JORFTEXT000035168192\/#:~:text=La%20m%C3%A9daille%20d'honneur%20des%20sapeurs%2Dpompiers%20est%20destin%C3%A9e%20%C3%A0,s'y%20sont%20particuli%C3%A8rement%20distingu%C3%A9s.\" target=\"_blank\" rel=\"noreferrer noopener\">D\u00e9cret n\u00b02017-1155 du 10 juillet 2017 \u2013 M\u00e9daille d\u2019honneur des sapeurs-pompiers<\/a><\/li>\n\n\n\n<li><a href=\"https:\/\/www.legifrance.gouv.fr\/loda\/id\/JORFTEXT000025592575\" target=\"_blank\" rel=\"noreferrer noopener\">D\u00e9cret n\u00b02012-424 du 8 mars 2012 \u2013 M\u00e9daille de la s\u00e9curit\u00e9 int\u00e9rieure<\/a><\/li>\n\n\n\n<li><a href=\"https:\/\/www.legifrance.gouv.fr\/jorf\/id\/JORFTEXT000000478715\" target=\"_blank\" rel=\"noreferrer noopener\">D\u00e9cret du 16 novembre 1901 \u2013 Actes de courage et de d\u00e9vouement<\/a><\/li>\n<\/ul>\n","protected":false},"excerpt":{"rendered":"<p>L\u2019exposition propos\u00e9e par notre association \u00e0 l&#8217;occasion des 70 ans du SDIS pr\u00e9sente plusieurs d\u00e9corations. Ces d\u00e9corations ne sont pas sp\u00e9cifiquement attribu\u00e9es \u00e0 des sapeurs-pompiers, mais elles L\u2019exposition propos\u00e9e par [&hellip;]<\/p>\n","protected":false},"author":1,"featured_media":1087,"comment_status":"open","ping_status":"open","sticky":false,"template":"","format":"standard","meta":{"_bbp_topic_count":0,"_bbp_reply_count":0,"_bbp_total_topic_count":0,"_bbp_total_reply_count":0,"_bbp_voice_count":0,"_bbp_anonymous_reply_count":0,"_bbp_topic_count_hidden":0,"_bbp_reply_count_hidden":0,"_bbp_forum_subforum_count":0,"_monsterinsights_skip_tracking":false,"_monsterinsights_sitenote_active":false,"_monsterinsights_sitenote_note":"","_monsterinsights_sitenote_category":0,"_uf_show_specific_survey":0,"_uf_disable_surveys":false,"_price":"","_stock":"","_tribe_ticket_header":"","_tribe_default_ticket_provider":"","_tribe_ticket_capacity":"0","_ticket_start_date":"","_ticket_end_date":"","_tribe_ticket_show_description":"","_tribe_ticket_show_not_going":false,"_tribe_ticket_use_global_stock":"","_tribe_ticket_global_stock_level":"","_global_stock_mode":"","_global_stock_cap":"","_tribe_rsvp_for_event":"","_tribe_ticket_going_count":"","_tribe_ticket_not_going_count":"","_tribe_tickets_list":"[]","_tribe_ticket_has_attendee_info_fields":false,"footnotes":"","_tec_slr_enabled":"","_tec_slr_layout":""},"categories":[43],"tags":[],"class_list":["post-1080","post","type-post","status-publish","format-standard","has-post-thumbnail","hentry","category-histoire-et-patrimoine"],"ticketed":false,"_links":{"self":[{"href":"https:\/\/www.lemuseedespompiers.re\/index.php\/wp-json\/wp\/v2\/posts\/1080","targetHints":{"allow":["GET"]}}],"collection":[{"href":"https:\/\/www.lemuseedespompiers.re\/index.php\/wp-json\/wp\/v2\/posts"}],"about":[{"href":"https:\/\/www.lemuseedespompiers.re\/index.php\/wp-json\/wp\/v2\/types\/post"}],"author":[{"embeddable":true,"href":"https:\/\/www.lemuseedespompiers.re\/index.php\/wp-json\/wp\/v2\/users\/1"}],"replies":[{"embeddable":true,"href":"https:\/\/www.lemuseedespompiers.re\/index.php\/wp-json\/wp\/v2\/comments?post=1080"}],"version-history":[{"count":2,"href":"https:\/\/www.lemuseedespompiers.re\/index.php\/wp-json\/wp\/v2\/posts\/1080\/revisions"}],"predecessor-version":[{"id":1091,"href":"https:\/\/www.lemuseedespompiers.re\/index.php\/wp-json\/wp\/v2\/posts\/1080\/revisions\/1091"}],"wp:featuredmedia":[{"embeddable":true,"href":"https:\/\/www.lemuseedespompiers.re\/index.php\/wp-json\/wp\/v2\/media\/1087"}],"wp:attachment":[{"href":"https:\/\/www.lemuseedespompiers.re\/index.php\/wp-json\/wp\/v2\/media?parent=1080"}],"wp:term":[{"taxonomy":"category","embeddable":true,"href":"https:\/\/www.lemuseedespompiers.re\/index.php\/wp-json\/wp\/v2\/categories?post=1080"},{"taxonomy":"post_tag","embeddable":true,"href":"https:\/\/www.lemuseedespompiers.re\/index.php\/wp-json\/wp\/v2\/tags?post=1080"}],"curies":[{"name":"wp","href":"https:\/\/api.w.org\/{rel}","templated":true}]}}