{"id":1082,"date":"2025-07-14T22:14:36","date_gmt":"2025-07-14T20:14:36","guid":{"rendered":"https:\/\/www.lemuseedespompiers.re\/?p=1082"},"modified":"2025-07-14T22:36:17","modified_gmt":"2025-07-14T20:36:17","slug":"les-grades-chez-les-sapeurs-pompiers","status":"publish","type":"post","link":"https:\/\/www.lemuseedespompiers.re\/index.php\/2025\/07\/14\/les-grades-chez-les-sapeurs-pompiers\/","title":{"rendered":"Les grades chez les sapeurs-pompiers"},"content":{"rendered":"\n<p>Les galons expos\u00e9s dans notre mus\u00e9e repr\u00e9sentent quelques-uns des grades hi\u00e9rarchiques port\u00e9s par les sapeurs-pompiers. Ils permettent d\u2019identifier le niveau de responsabilit\u00e9 de chacun au sein de la cha\u00eene op\u00e9rationnelle. A quelques exceptions pr\u00e8s, ces grades sont communs aux sapeurs-pompiers professionnels (SPP) et volontaires (SPV), bien que leurs parcours diff\u00e8rent.<\/p>\n\n\n\n<p>Le port du galon correspond \u00e0 un grade conf\u00e9r\u00e9 par arr\u00eat\u00e9 apr\u00e8s r\u00e9ussite \u00e0 un concours ou nomination sur proposition, selon des conditions d\u2019anciennet\u00e9, de formation et de poste occup\u00e9.<\/p>\n\n\n\n<p>En fonction du corps d&#8217;appartenance, la couleur de fond du grade peut changer : bordeaux pour les m\u00e9decins et infirmiers, bleu pour les cadres de sant\u00e9, vert pour les pharmaciens.<\/p>\n\n\n\n<hr class=\"wp-block-separator has-alpha-channel-opacity\"\/>\n\n\n\n<h2 class=\"wp-block-heading\">1. Hommes du rang<\/h2>\n\n\n\n<h3 class=\"wp-block-heading\">Sapeur<\/h3>\n\n\n\n<p>Aucun galon. C\u2019est le grade d\u2019entr\u00e9e dans le corps des sapeurs-pompiers volontaires. Le sapeur est en formation ou d\u00e9bute ses missions sur le terrain.<\/p>\n\n\n\n<h3 class=\"wp-block-heading\">Sapeur de premi\u00e8re classe<\/h3>\n\n\n\n<p>Un chevron rouge. Le sapeur est en formation ou d\u00e9bute ses missions sur le terrain.<\/p>\n\n\n<div class=\"wp-block-image\">\n<figure class=\"aligncenter size-full is-resized\"><img loading=\"lazy\" decoding=\"async\" width=\"113\" height=\"113\" src=\"https:\/\/www.lemuseedespompiers.re\/wp-content\/uploads\/2025\/07\/image-4-edited.png\" alt=\"\" class=\"wp-image-1121\" style=\"width:177px;height:auto\" srcset=\"https:\/\/www.lemuseedespompiers.re\/wp-content\/uploads\/2025\/07\/image-4-edited.png 113w, https:\/\/www.lemuseedespompiers.re\/wp-content\/uploads\/2025\/07\/image-4-edited-100x100.png 100w\" sizes=\"auto, (max-width: 113px) 100vw, 113px\" \/><\/figure>\n<\/div>\n\n\n<h3 class=\"wp-block-heading\">Caporal<\/h3>\n\n\n\n<p>Deux chevrons rouges. Le caporal peut encadrer une \u00e9quipe restreinte en intervention, sous l\u2019autorit\u00e9 d\u2019un chef d\u2019agr\u00e8s. C&#8217;est le grade d&#8217;entr\u00e9e dans le corps des sapeurs-pompiers professionnels.<\/p>\n\n\n<div class=\"wp-block-image\">\n<figure class=\"aligncenter size-full\"><img loading=\"lazy\" decoding=\"async\" width=\"225\" height=\"225\" src=\"https:\/\/www.lemuseedespompiers.re\/wp-content\/uploads\/2025\/07\/image-2.png\" alt=\"\" class=\"wp-image-1103\" srcset=\"https:\/\/www.lemuseedespompiers.re\/wp-content\/uploads\/2025\/07\/image-2.png 225w, https:\/\/www.lemuseedespompiers.re\/wp-content\/uploads\/2025\/07\/image-2-150x150.png 150w, https:\/\/www.lemuseedespompiers.re\/wp-content\/uploads\/2025\/07\/image-2-100x100.png 100w\" sizes=\"auto, (max-width: 225px) 100vw, 225px\" \/><\/figure>\n<\/div>\n\n\n<h3 class=\"wp-block-heading\">Caporal-chef<\/h3>\n\n\n\n<p>Trois chevrons rouges. Le caporal-chef poss\u00e8de une exp\u00e9rience accrue et peut assurer des responsabilit\u00e9s \u00e9largies sur le terrain, comme celle de chef d&#8217;\u00e9quipe (un bin\u00f4me).<\/p>\n\n\n<div class=\"wp-block-image\">\n<figure class=\"aligncenter size-full is-resized\"><img loading=\"lazy\" decoding=\"async\" width=\"150\" height=\"150\" src=\"https:\/\/www.lemuseedespompiers.re\/wp-content\/uploads\/2025\/07\/image-14-edited.png\" alt=\"\" class=\"wp-image-1122\" style=\"width:199px;height:auto\" srcset=\"https:\/\/www.lemuseedespompiers.re\/wp-content\/uploads\/2025\/07\/image-14-edited.png 150w, https:\/\/www.lemuseedespompiers.re\/wp-content\/uploads\/2025\/07\/image-14-edited-100x100.png 100w\" sizes=\"auto, (max-width: 150px) 100vw, 150px\" \/><\/figure>\n<\/div>\n\n\n<hr class=\"wp-block-separator has-alpha-channel-opacity\"\/>\n\n\n\n<h2 class=\"wp-block-heading\">2. Sous-officiers<\/h2>\n\n\n\n<h3 class=\"wp-block-heading\">Sergent<\/h3>\n\n\n\n<p>Un chevronn argent\u00e9 en chevron. Le sergent est un chef d\u2019agr\u00e8s une \u00e9quipe, commandant une intervention l\u00e9g\u00e8re (type VSAV).<\/p>\n\n\n<div class=\"wp-block-image\">\n<figure class=\"aligncenter size-full is-resized\"><img loading=\"lazy\" decoding=\"async\" width=\"225\" height=\"225\" src=\"https:\/\/www.lemuseedespompiers.re\/wp-content\/uploads\/2025\/07\/image-16.png\" alt=\"\" class=\"wp-image-1119\" style=\"width:159px;height:auto\" srcset=\"https:\/\/www.lemuseedespompiers.re\/wp-content\/uploads\/2025\/07\/image-16.png 225w, https:\/\/www.lemuseedespompiers.re\/wp-content\/uploads\/2025\/07\/image-16-150x150.png 150w, https:\/\/www.lemuseedespompiers.re\/wp-content\/uploads\/2025\/07\/image-16-100x100.png 100w\" sizes=\"auto, (max-width: 225px) 100vw, 225px\" \/><\/figure>\n<\/div>\n\n\n<h3 class=\"wp-block-heading\">Sergent-chef<\/h3>\n\n\n\n<p>Trois chevrons argent\u00e9s. Cette appellation refl\u00e8te l\u2019exp\u00e9rience et conf\u00e8re une l\u00e9gitimit\u00e9 renforc\u00e9e dans le commandement op\u00e9rationnel.<\/p>\n\n\n<div class=\"wp-block-image\">\n<figure class=\"aligncenter size-full\"><img loading=\"lazy\" decoding=\"async\" width=\"225\" height=\"225\" src=\"https:\/\/www.lemuseedespompiers.re\/wp-content\/uploads\/2025\/07\/image-10.png\" alt=\"\" class=\"wp-image-1113\" srcset=\"https:\/\/www.lemuseedespompiers.re\/wp-content\/uploads\/2025\/07\/image-10.png 225w, https:\/\/www.lemuseedespompiers.re\/wp-content\/uploads\/2025\/07\/image-10-150x150.png 150w, https:\/\/www.lemuseedespompiers.re\/wp-content\/uploads\/2025\/07\/image-10-100x100.png 100w\" sizes=\"auto, (max-width: 225px) 100vw, 225px\" \/><\/figure>\n<\/div>\n\n\n<h3 class=\"wp-block-heading\">Adjudant<\/h3>\n\n\n\n<p>Une barrette jaune avec un liser\u00e9 rouge au milieu. L\u2019adjudant peut \u00eatre chef d\u2019agr\u00e8s tout engin (FPT, EPA\u2026), et assurer un r\u00f4le de cadre interm\u00e9diaire.<\/p>\n\n\n<div class=\"wp-block-image\">\n<figure class=\"aligncenter size-full is-resized\"><img loading=\"lazy\" decoding=\"async\" width=\"225\" height=\"225\" src=\"https:\/\/www.lemuseedespompiers.re\/wp-content\/uploads\/2025\/07\/image-3.png\" alt=\"\" class=\"wp-image-1105\" style=\"width:165px;height:auto\" srcset=\"https:\/\/www.lemuseedespompiers.re\/wp-content\/uploads\/2025\/07\/image-3.png 225w, https:\/\/www.lemuseedespompiers.re\/wp-content\/uploads\/2025\/07\/image-3-150x150.png 150w, https:\/\/www.lemuseedespompiers.re\/wp-content\/uploads\/2025\/07\/image-3-100x100.png 100w\" sizes=\"auto, (max-width: 225px) 100vw, 225px\" \/><\/figure>\n<\/div>\n\n\n<h3 class=\"wp-block-heading\">Adjudant-chef<\/h3>\n\n\n\n<p>Une barrette argent\u00e9e avec un liser\u00e9 rouge au milieu. Ce grade consacre une longue carri\u00e8re et des responsabilit\u00e9s de coordination.<\/p>\n\n\n<div class=\"wp-block-image\">\n<figure class=\"aligncenter size-full is-resized\"><img loading=\"lazy\" decoding=\"async\" width=\"113\" height=\"113\" src=\"https:\/\/www.lemuseedespompiers.re\/wp-content\/uploads\/2025\/07\/image-13-edited.png\" alt=\"\" class=\"wp-image-1123\" style=\"width:177px;height:auto\" srcset=\"https:\/\/www.lemuseedespompiers.re\/wp-content\/uploads\/2025\/07\/image-13-edited.png 113w, https:\/\/www.lemuseedespompiers.re\/wp-content\/uploads\/2025\/07\/image-13-edited-100x100.png 100w\" sizes=\"auto, (max-width: 113px) 100vw, 113px\" \/><\/figure>\n<\/div>\n\n\n<hr class=\"wp-block-separator has-alpha-channel-opacity\"\/>\n\n\n\n<h2 class=\"wp-block-heading\">3. Officiers<\/h2>\n\n\n\n<div class=\"wp-block-columns is-layout-flex wp-container-core-columns-is-layout-9d6595d7 wp-block-columns-is-layout-flex\">\n<div class=\"wp-block-column is-layout-flow wp-block-column-is-layout-flow\">\n<figure class=\"wp-block-image size-full is-resized\"><img loading=\"lazy\" decoding=\"async\" width=\"225\" height=\"225\" src=\"https:\/\/www.lemuseedespompiers.re\/wp-content\/uploads\/2025\/07\/image-17.png\" alt=\"\" class=\"wp-image-1120\" style=\"width:395px;height:auto\" srcset=\"https:\/\/www.lemuseedespompiers.re\/wp-content\/uploads\/2025\/07\/image-17.png 225w, https:\/\/www.lemuseedespompiers.re\/wp-content\/uploads\/2025\/07\/image-17-150x150.png 150w, https:\/\/www.lemuseedespompiers.re\/wp-content\/uploads\/2025\/07\/image-17-100x100.png 100w\" sizes=\"auto, (max-width: 225px) 100vw, 225px\" \/><\/figure>\n<\/div>\n\n\n\n<div class=\"wp-block-column is-layout-flow wp-block-column-is-layout-flow\">\n<h3 class=\"wp-block-heading\">Lieutenant de 2e classe<\/h3>\n\n\n\n<p>Deux barrettes argent\u00e9es. Il marque l\u2019entr\u00e9e dans le corps des officiers. Le lieutenant assure une mission de chef de groupe.<\/p>\n\n\n\n<h3 class=\"wp-block-heading\">Lieutenant de 1re classe<\/h3>\n\n\n\n<p>Deux barrettes argent\u00e9es. Le grade traduit une exp\u00e9rience confirm\u00e9e dans le commandement.<\/p>\n\n\n\n<h3 class=\"wp-block-heading\">Lieutenant hors classe<\/h3>\n\n\n\n<p>Deux barrettes argent\u00e9es. Le grade traduit une exp\u00e9rience confirm\u00e9e dans le commandement.<\/p>\n<\/div>\n<\/div>\n\n\n\n<h3 class=\"wp-block-heading\"><\/h3>\n\n\n\n<h3 class=\"wp-block-heading\">Capitaine<\/h3>\n\n\n\n<p>Trois barrettes argent\u00e9s. Le capitaine commande un centre, une unit\u00e9 ou une intervention \u00e0 plus grande \u00e9chelle.<\/p>\n\n\n<div class=\"wp-block-image\">\n<figure class=\"aligncenter size-full is-resized\"><img loading=\"lazy\" decoding=\"async\" width=\"225\" height=\"225\" src=\"https:\/\/www.lemuseedespompiers.re\/wp-content\/uploads\/2025\/07\/image-8.png\" alt=\"\" class=\"wp-image-1111\" style=\"width:141px;height:auto\" srcset=\"https:\/\/www.lemuseedespompiers.re\/wp-content\/uploads\/2025\/07\/image-8.png 225w, https:\/\/www.lemuseedespompiers.re\/wp-content\/uploads\/2025\/07\/image-8-150x150.png 150w, https:\/\/www.lemuseedespompiers.re\/wp-content\/uploads\/2025\/07\/image-8-100x100.png 100w\" sizes=\"auto, (max-width: 225px) 100vw, 225px\" \/><\/figure>\n<\/div>\n\n\n<h3 class=\"wp-block-heading\">Commandant<\/h3>\n\n\n\n<p>Quatre barrettes argent\u00e9s. Il assure le commandement tactique ou une fonction de direction interm\u00e9diaire.<\/p>\n\n\n<div class=\"wp-block-image\">\n<figure class=\"aligncenter size-full is-resized\"><img loading=\"lazy\" decoding=\"async\" width=\"150\" height=\"150\" src=\"https:\/\/www.lemuseedespompiers.re\/wp-content\/uploads\/2025\/07\/image-12-edited.png\" alt=\"\" class=\"wp-image-1124\" style=\"width:169px;height:auto\" srcset=\"https:\/\/www.lemuseedespompiers.re\/wp-content\/uploads\/2025\/07\/image-12-edited.png 150w, https:\/\/www.lemuseedespompiers.re\/wp-content\/uploads\/2025\/07\/image-12-edited-100x100.png 100w\" sizes=\"auto, (max-width: 150px) 100vw, 150px\" \/><\/figure>\n<\/div>\n\n\n<h3 class=\"wp-block-heading\">Lieutenant-colonel<\/h3>\n\n\n\n<p>Cinq barrettes jaunes et argent\u00e9s. Grade sup\u00e9rieur charg\u00e9 de la coordination de plusieurs entit\u00e9s ou d\u2019un groupement.<\/p>\n\n\n<div class=\"wp-block-image\">\n<figure class=\"aligncenter size-full is-resized\"><img loading=\"lazy\" decoding=\"async\" width=\"75\" height=\"75\" src=\"https:\/\/www.lemuseedespompiers.re\/wp-content\/uploads\/2025\/07\/image-18-edited.png\" alt=\"\" class=\"wp-image-1126\" style=\"width:167px;height:auto\"\/><\/figure>\n<\/div>\n\n\n<h3 class=\"wp-block-heading\">Colonel<\/h3>\n\n\n\n<p>Cinq barrettes argent\u00e9s. Il assume les plus hautes fonctions de direction au sein du SDIS.<\/p>\n\n\n<div class=\"wp-block-image\">\n<figure class=\"aligncenter size-full\"><img loading=\"lazy\" decoding=\"async\" width=\"225\" height=\"225\" src=\"https:\/\/www.lemuseedespompiers.re\/wp-content\/uploads\/2025\/07\/image-6.png\" alt=\"\" class=\"wp-image-1108\" srcset=\"https:\/\/www.lemuseedespompiers.re\/wp-content\/uploads\/2025\/07\/image-6.png 225w, https:\/\/www.lemuseedespompiers.re\/wp-content\/uploads\/2025\/07\/image-6-150x150.png 150w, https:\/\/www.lemuseedespompiers.re\/wp-content\/uploads\/2025\/07\/image-6-100x100.png 100w\" sizes=\"auto, (max-width: 225px) 100vw, 225px\" \/><\/figure>\n<\/div>","protected":false},"excerpt":{"rendered":"<p>Les galons expos\u00e9s dans notre mus\u00e9e repr\u00e9sentent quelques-uns des grades hi\u00e9rarchiques port\u00e9s par les sapeurs-pompiers. Ils permettent d\u2019identifier le niveau de responsabilit\u00e9 de chacun au sein de la cha\u00eene op\u00e9rationnelle. [&hellip;]<\/p>\n","protected":false},"author":1,"featured_media":1103,"comment_status":"open","ping_status":"open","sticky":false,"template":"","format":"standard","meta":{"_bbp_topic_count":0,"_bbp_reply_count":0,"_bbp_total_topic_count":0,"_bbp_total_reply_count":0,"_bbp_voice_count":0,"_bbp_anonymous_reply_count":0,"_bbp_topic_count_hidden":0,"_bbp_reply_count_hidden":0,"_bbp_forum_subforum_count":0,"_monsterinsights_skip_tracking":false,"_monsterinsights_sitenote_active":false,"_monsterinsights_sitenote_note":"","_monsterinsights_sitenote_category":0,"_uf_show_specific_survey":0,"_uf_disable_surveys":false,"_price":"","_stock":"","_tribe_ticket_header":"","_tribe_default_ticket_provider":"","_tribe_ticket_capacity":"0","_ticket_start_date":"","_ticket_end_date":"","_tribe_ticket_show_description":"","_tribe_ticket_show_not_going":false,"_tribe_ticket_use_global_stock":"","_tribe_ticket_global_stock_level":"","_global_stock_mode":"","_global_stock_cap":"","_tribe_rsvp_for_event":"","_tribe_ticket_going_count":"","_tribe_ticket_not_going_count":"","_tribe_tickets_list":"[]","_tribe_ticket_has_attendee_info_fields":false,"footnotes":"","_tec_slr_enabled":"","_tec_slr_layout":""},"categories":[43],"tags":[],"class_list":["post-1082","post","type-post","status-publish","format-standard","has-post-thumbnail","hentry","category-histoire-et-patrimoine"],"ticketed":false,"_links":{"self":[{"href":"https:\/\/www.lemuseedespompiers.re\/index.php\/wp-json\/wp\/v2\/posts\/1082","targetHints":{"allow":["GET"]}}],"collection":[{"href":"https:\/\/www.lemuseedespompiers.re\/index.php\/wp-json\/wp\/v2\/posts"}],"about":[{"href":"https:\/\/www.lemuseedespompiers.re\/index.php\/wp-json\/wp\/v2\/types\/post"}],"author":[{"embeddable":true,"href":"https:\/\/www.lemuseedespompiers.re\/index.php\/wp-json\/wp\/v2\/users\/1"}],"replies":[{"embeddable":true,"href":"https:\/\/www.lemuseedespompiers.re\/index.php\/wp-json\/wp\/v2\/comments?post=1082"}],"version-history":[{"count":5,"href":"https:\/\/www.lemuseedespompiers.re\/index.php\/wp-json\/wp\/v2\/posts\/1082\/revisions"}],"predecessor-version":[{"id":1129,"href":"https:\/\/www.lemuseedespompiers.re\/index.php\/wp-json\/wp\/v2\/posts\/1082\/revisions\/1129"}],"wp:featuredmedia":[{"embeddable":true,"href":"https:\/\/www.lemuseedespompiers.re\/index.php\/wp-json\/wp\/v2\/media\/1103"}],"wp:attachment":[{"href":"https:\/\/www.lemuseedespompiers.re\/index.php\/wp-json\/wp\/v2\/media?parent=1082"}],"wp:term":[{"taxonomy":"category","embeddable":true,"href":"https:\/\/www.lemuseedespompiers.re\/index.php\/wp-json\/wp\/v2\/categories?post=1082"},{"taxonomy":"post_tag","embeddable":true,"href":"https:\/\/www.lemuseedespompiers.re\/index.php\/wp-json\/wp\/v2\/tags?post=1082"}],"curies":[{"name":"wp","href":"https:\/\/api.w.org\/{rel}","templated":true}]}}