{"id":1157,"date":"2025-09-08T16:00:00","date_gmt":"2025-09-08T14:00:00","guid":{"rendered":"https:\/\/www.lemuseedespompiers.re\/?p=1157"},"modified":"2025-07-21T14:07:40","modified_gmt":"2025-07-21T12:07:40","slug":"au-feu-les-pompiers-une-exposition-qui-nous-ressemble-un-projet-que-nous-portons","status":"publish","type":"post","link":"https:\/\/www.lemuseedespompiers.re\/index.php\/2025\/09\/08\/au-feu-les-pompiers-une-exposition-qui-nous-ressemble-un-projet-que-nous-portons\/","title":{"rendered":"&#8220;Au feu, les pompiers&#8221; \u2013 Une exposition qui nous ressemble, un projet que nous portons"},"content":{"rendered":"\n<p>Le 16 juillet 2025, un article sign\u00e9 Philippe Madubost consacre une belle page \u00e0 l\u2019exposition <em>Au feu, les pompiers<\/em>, visible jusqu\u2019au 30 novembre aux Archives d\u00e9partementales. L\u2019auteur y d\u00e9taille le contenu de l\u2019exposition : objets rares, pi\u00e8ces de collection, reconstitutions p\u00e9dagogiques et parcours historique \u00e0 travers les archives, les outils, les tenues, les gestes, les r\u00e9cits.<\/p>\n\n\n\n<p>Mais cet article a surtout le m\u00e9rite de nommer les initiateurs du projet, comme la commandante Maya de Villepoix. Il reconna\u00eet ainsi publiquement que l\u2019exposition actuelle est le fruit d\u2019un engagement associatif structur\u00e9, volontaire et durable, port\u00e9 par l\u2019Association des Amis du Mus\u00e9e des Sapeurs-Pompiers de La R\u00e9union et de l\u2019Oc\u00e9an Indien.<\/p>\n\n\n\n<p>Le texte souligne \u00e9galement l\u2019existence du livre <em>L\u2019histoire des sapeurs-pompiers de La R\u00e9union<\/em>, publi\u00e9 en f\u00e9vrier dernier, comme prolongement intellectuel et documentaire de cette d\u00e9marche. Livre, exposition, collecte d\u2019objets, sensibilisation du public et mise en r\u00e9seau des acteurs du patrimoine : ce que d\u00e9crit l\u2019article est d\u00e9j\u00e0 le mus\u00e9e en marche.<\/p>\n\n\n\n<p>L\u2019article appelle enfin les lecteurs \u00e0 contribuer : par le don d\u2019objets, par la transmission de r\u00e9cits, par la mobilisation des communes autour de l\u2019accueil d\u2019un lieu p\u00e9renne. Car cette exposition n\u2019est qu\u2019une \u00e9tape : notre objectif reste la cr\u00e9ation d\u2019un v\u00e9ritable mus\u00e9e, rassemblant en un lieu unique ce qui est aujourd\u2019hui diss\u00e9min\u00e9.<\/p>\n\n\n\n<p>Ce que nous construisons n\u2019est pas une simple vitrine m\u00e9morielle. C\u2019est un projet patrimonial \u00e0 vocation \u00e9ducative et historique, au service de La R\u00e9union et de l\u2019Oc\u00e9an Indien.<\/p>\n\n\n\n<p><a href=\"https:\/\/www.zinfos974.com\/au-feu-les-pompiers-ces-objets-qui-racontent-lhistoire-de-nos-soldats-du-feu\/\" target=\"_blank\" rel=\"noreferrer noopener\">Voir l&#8217;article de Philippe Madubost<\/a><\/p>\n\n\n\n<p><\/p>\n","protected":false},"excerpt":{"rendered":"<p>Le 16 juillet 2025, un article sign\u00e9 Philippe Madubost consacre une belle page \u00e0 l\u2019exposition Au feu, les pompiers, visible jusqu\u2019au 30 novembre aux Archives d\u00e9partementales. L\u2019auteur y d\u00e9taille le [&hellip;]<\/p>\n","protected":false},"author":1,"featured_media":1141,"comment_status":"open","ping_status":"open","sticky":false,"template":"","format":"standard","meta":{"_bbp_topic_count":0,"_bbp_reply_count":0,"_bbp_total_topic_count":0,"_bbp_total_reply_count":0,"_bbp_voice_count":0,"_bbp_anonymous_reply_count":0,"_bbp_topic_count_hidden":0,"_bbp_reply_count_hidden":0,"_bbp_forum_subforum_count":0,"_monsterinsights_skip_tracking":false,"_monsterinsights_sitenote_active":false,"_monsterinsights_sitenote_note":"","_monsterinsights_sitenote_category":0,"_uf_show_specific_survey":0,"_uf_disable_surveys":false,"_price":"","_stock":"","_tribe_ticket_header":"","_tribe_default_ticket_provider":"","_tribe_ticket_capacity":"0","_ticket_start_date":"","_ticket_end_date":"","_tribe_ticket_show_description":"","_tribe_ticket_show_not_going":false,"_tribe_ticket_use_global_stock":"","_tribe_ticket_global_stock_level":"","_global_stock_mode":"","_global_stock_cap":"","_tribe_rsvp_for_event":"","_tribe_ticket_going_count":"","_tribe_ticket_not_going_count":"","_tribe_tickets_list":"[]","_tribe_ticket_has_attendee_info_fields":false,"footnotes":"","_tec_slr_enabled":"","_tec_slr_layout":""},"categories":[167,43,176],"tags":[],"class_list":["post-1157","post","type-post","status-publish","format-standard","has-post-thumbnail","hentry","category-evenements","category-histoire-et-patrimoine","category-revue-de-presse"],"ticketed":false,"_links":{"self":[{"href":"https:\/\/www.lemuseedespompiers.re\/index.php\/wp-json\/wp\/v2\/posts\/1157","targetHints":{"allow":["GET"]}}],"collection":[{"href":"https:\/\/www.lemuseedespompiers.re\/index.php\/wp-json\/wp\/v2\/posts"}],"about":[{"href":"https:\/\/www.lemuseedespompiers.re\/index.php\/wp-json\/wp\/v2\/types\/post"}],"author":[{"embeddable":true,"href":"https:\/\/www.lemuseedespompiers.re\/index.php\/wp-json\/wp\/v2\/users\/1"}],"replies":[{"embeddable":true,"href":"https:\/\/www.lemuseedespompiers.re\/index.php\/wp-json\/wp\/v2\/comments?post=1157"}],"version-history":[{"count":1,"href":"https:\/\/www.lemuseedespompiers.re\/index.php\/wp-json\/wp\/v2\/posts\/1157\/revisions"}],"predecessor-version":[{"id":1158,"href":"https:\/\/www.lemuseedespompiers.re\/index.php\/wp-json\/wp\/v2\/posts\/1157\/revisions\/1158"}],"wp:featuredmedia":[{"embeddable":true,"href":"https:\/\/www.lemuseedespompiers.re\/index.php\/wp-json\/wp\/v2\/media\/1141"}],"wp:attachment":[{"href":"https:\/\/www.lemuseedespompiers.re\/index.php\/wp-json\/wp\/v2\/media?parent=1157"}],"wp:term":[{"taxonomy":"category","embeddable":true,"href":"https:\/\/www.lemuseedespompiers.re\/index.php\/wp-json\/wp\/v2\/categories?post=1157"},{"taxonomy":"post_tag","embeddable":true,"href":"https:\/\/www.lemuseedespompiers.re\/index.php\/wp-json\/wp\/v2\/tags?post=1157"}],"curies":[{"name":"wp","href":"https:\/\/api.w.org\/{rel}","templated":true}]}}