{"id":1195,"date":"2025-09-26T16:41:00","date_gmt":"2025-09-26T14:41:00","guid":{"rendered":"https:\/\/www.lemuseedespompiers.re\/?p=1195"},"modified":"2025-08-27T06:33:49","modified_gmt":"2025-08-27T04:33:49","slug":"une-carriere-exemplaire-ladjudant-chef-serge-grondin-prend-sa-retraite","status":"publish","type":"post","link":"https:\/\/www.lemuseedespompiers.re\/index.php\/2025\/09\/26\/une-carriere-exemplaire-ladjudant-chef-serge-grondin-prend-sa-retraite\/","title":{"rendered":"Une carri\u00e8re exemplaire : l\u2019adjudant-chef Serge Grondin prend sa retraite"},"content":{"rendered":"\n<p>Le 14 juillet 2025, l\u2019adjudant-chef Serge Grondin a d\u00e9fil\u00e9 pour la derni\u00e8re fois aux c\u00f4t\u00e9s de ses camarades du centre de secours de Saint-Beno\u00eet. Apr\u00e8s 41 ann\u00e9es de service, il s\u2019appr\u00eate \u00e0 ouvrir une nouvelle page de sa vie.<\/p>\n\n\n\n<p>D\u00e9cor\u00e9 en 2007 de la m\u00e9daille du courage et du d\u00e9vouement pour un sauvetage en mer hors du commun, il a marqu\u00e9 ses coll\u00e8gues et sa commune par son engagement sans faille. Ses souvenirs m\u00ealent des moments de fiert\u00e9, comme ce sauvetage miraculeux, mais aussi des \u00e9pisodes tragiques qui l\u2019ont profond\u00e9ment marqu\u00e9.<\/p>\n\n\n\n<p>Ses camarades le d\u00e9crivent comme un professionnel exemplaire, toujours disponible et d\u2019un grand soutien pour ses pairs. Lui-m\u00eame r\u00e9sume sa long\u00e9vit\u00e9 dans le m\u00e9tier par trois qualit\u00e9s essentielles : \u00ab un bon moral, le c\u0153ur solide, et la solidarit\u00e9 \u00bb.<\/p>\n\n\n\n<p>L\u2019<strong>Association des Amis du Mus\u00e9e des Sapeurs-Pompiers de La R\u00e9union et de l\u2019Oc\u00e9an Indien<\/strong> salue ce parcours. Pr\u00e9server la m\u00e9moire de femmes et d\u2019hommes comme l\u2019adjudant-chef Grondin fait partie int\u00e9grante de notre mission : rappeler combien le d\u00e9vouement des sapeurs-pompiers est un patrimoine vivant, qu\u2019il convient de transmettre aux g\u00e9n\u00e9rations futures.<\/p>\n\n\n\n<p>\ud83d\udc49 Lire l\u2019article complet sur R\u00e9union la 1\u00e8re : <a href=\"https:\/\/la1ere.franceinfo.fr\/reunion\/saint-benoit\/apres-41-ans-chez-les-pompiers-de-saint-benoit-une-retraite-bien-meritee-pour-l-adjudant-chef-grondin-1604952.html\" target=\"_blank\" rel=\"noreferrer noopener\">Apr\u00e8s 41 ans chez les pompiers de Saint-Beno\u00eet, une retraite bien m\u00e9rit\u00e9e pour l&#8217;adjudant-chef Grondin<\/a><\/p>\n\n\n\n<p><\/p>\n","protected":false},"excerpt":{"rendered":"<p>Le 14 juillet 2025, l\u2019adjudant-chef Serge Grondin a d\u00e9fil\u00e9 pour la derni\u00e8re fois aux c\u00f4t\u00e9s de ses camarades du centre de secours de Saint-Beno\u00eet. Apr\u00e8s 41 ann\u00e9es de service, il [&hellip;]<\/p>\n","protected":false},"author":1,"featured_media":817,"comment_status":"open","ping_status":"open","sticky":false,"template":"","format":"standard","meta":{"_bbp_topic_count":0,"_bbp_reply_count":0,"_bbp_total_topic_count":0,"_bbp_total_reply_count":0,"_bbp_voice_count":0,"_bbp_anonymous_reply_count":0,"_bbp_topic_count_hidden":0,"_bbp_reply_count_hidden":0,"_bbp_forum_subforum_count":0,"_monsterinsights_skip_tracking":false,"_monsterinsights_sitenote_active":false,"_monsterinsights_sitenote_note":"","_monsterinsights_sitenote_category":0,"_uf_show_specific_survey":0,"_uf_disable_surveys":false,"_price":"","_stock":"","_tribe_ticket_header":"","_tribe_default_ticket_provider":"","_tribe_ticket_capacity":"0","_ticket_start_date":"","_ticket_end_date":"","_tribe_ticket_show_description":"","_tribe_ticket_show_not_going":false,"_tribe_ticket_use_global_stock":"","_tribe_ticket_global_stock_level":"","_global_stock_mode":"","_global_stock_cap":"","_tribe_rsvp_for_event":"","_tribe_ticket_going_count":"","_tribe_ticket_not_going_count":"","_tribe_tickets_list":"[]","_tribe_ticket_has_attendee_info_fields":false,"footnotes":"","_tec_slr_enabled":"","_tec_slr_layout":""},"categories":[155],"tags":[],"class_list":["post-1195","post","type-post","status-publish","format-standard","has-post-thumbnail","hentry","category-lecho-des-anciens-fr"],"ticketed":false,"_links":{"self":[{"href":"https:\/\/www.lemuseedespompiers.re\/index.php\/wp-json\/wp\/v2\/posts\/1195","targetHints":{"allow":["GET"]}}],"collection":[{"href":"https:\/\/www.lemuseedespompiers.re\/index.php\/wp-json\/wp\/v2\/posts"}],"about":[{"href":"https:\/\/www.lemuseedespompiers.re\/index.php\/wp-json\/wp\/v2\/types\/post"}],"author":[{"embeddable":true,"href":"https:\/\/www.lemuseedespompiers.re\/index.php\/wp-json\/wp\/v2\/users\/1"}],"replies":[{"embeddable":true,"href":"https:\/\/www.lemuseedespompiers.re\/index.php\/wp-json\/wp\/v2\/comments?post=1195"}],"version-history":[{"count":1,"href":"https:\/\/www.lemuseedespompiers.re\/index.php\/wp-json\/wp\/v2\/posts\/1195\/revisions"}],"predecessor-version":[{"id":1196,"href":"https:\/\/www.lemuseedespompiers.re\/index.php\/wp-json\/wp\/v2\/posts\/1195\/revisions\/1196"}],"wp:featuredmedia":[{"embeddable":true,"href":"https:\/\/www.lemuseedespompiers.re\/index.php\/wp-json\/wp\/v2\/media\/817"}],"wp:attachment":[{"href":"https:\/\/www.lemuseedespompiers.re\/index.php\/wp-json\/wp\/v2\/media?parent=1195"}],"wp:term":[{"taxonomy":"category","embeddable":true,"href":"https:\/\/www.lemuseedespompiers.re\/index.php\/wp-json\/wp\/v2\/categories?post=1195"},{"taxonomy":"post_tag","embeddable":true,"href":"https:\/\/www.lemuseedespompiers.re\/index.php\/wp-json\/wp\/v2\/tags?post=1195"}],"curies":[{"name":"wp","href":"https:\/\/api.w.org\/{rel}","templated":true}]}}