{"id":1270,"date":"2025-09-20T07:52:23","date_gmt":"2025-09-20T05:52:23","guid":{"rendered":"https:\/\/www.lemuseedespompiers.re\/?p=1270"},"modified":"2025-09-20T08:28:45","modified_gmt":"2025-09-20T06:28:45","slug":"journees-europeennes-du-patrimoine-21-septembre-2025","status":"publish","type":"post","link":"https:\/\/www.lemuseedespompiers.re\/index.php\/2025\/09\/20\/journees-europeennes-du-patrimoine-21-septembre-2025\/","title":{"rendered":"Journ\u00e9es europ\u00e9ennes du patrimoine \u2013 21 septembre 2025"},"content":{"rendered":"\n<p>\u00c0 l\u2019occasion des <strong>Journ\u00e9es europ\u00e9ennes du patrimoine<\/strong>, notre association vous donne rendez-vous le <strong>dimanche 21 septembre 2025 de 10h \u00e0 16h<\/strong> aux <strong>Archives d\u00e9partementales de La R\u00e9union<\/strong>, au c\u0153ur de l\u2019exposition consacr\u00e9e aux <strong>70 ans du SDIS de La R\u00e9union<\/strong>.<\/p>\n\n\n\n<p>Au programme :<\/p>\n\n\n\n<ul class=\"wp-block-list\">\n<li><strong>D\u00e9dicaces<\/strong> de deux ouvrages : <em>Histoire des sapeurs-pompiers de La R\u00e9union<\/em> et <em>Hugues Gigant \u2013 De La R\u00e9union \u00e0 la Brigade de sapeurs-pompiers de Paris<\/em>.<\/li>\n\n\n\n<li><strong>Deux visites guid\u00e9es<\/strong> de l\u2019exposition (sur inscription) :\n<ul class=\"wp-block-list\">\n<li>\u00e0 <strong>10h30<\/strong><\/li>\n\n\n\n<li>\u00e0 <strong>14h30<\/strong><\/li>\n<\/ul>\n<\/li>\n\n\n\n<li><strong>Rencontre avec Hugues Gigant<\/strong> de 13h \u00e0 16h.<\/li>\n<\/ul>\n\n\n\n<p>Les visites guid\u00e9es sont gratuites mais n\u00e9cessitent une inscription pr\u00e9alable.<br>R\u00e9servez votre place ci-dessous :<\/p>\n\n\n\n<p><strong>Visite de 10h30<\/strong><\/p>\n\n\n<p><iframe id=\"haWidget\" allowtransparency=\"true\" src=\"https:\/\/www.helloasso.com\/associations\/association-des-amis-du-musee-des-sapeurs-pompiers-de-la-reunion-et-de-l-ocean-indien\/evenements\/visite-guidee-de-l-exposition-sur-les-70-ans-du-sdis-de-la-reunion\/widget\" style=\"width: 100%; border: none; height: 400px\"  ><\/iframe><\/p>\n\n\n\n<p><strong>Visite de 14h30<\/strong><\/p>\n\n\n<p><iframe id=\"haWidget\" allowtransparency=\"true\" src=\"https:\/\/www.helloasso.com\/associations\/association-des-amis-du-musee-des-sapeurs-pompiers-de-la-reunion-et-de-l-ocean-indien\/evenements\/visite-guidee-de-l-exposition-sur-les-70-ans-du-sdis-de-la-reunion-2\/widget\" style=\"width: 100%; border: none; height: 400px\"  ><\/iframe><\/p>\n","protected":false},"excerpt":{"rendered":"<p>\u00c0 l\u2019occasion des Journ\u00e9es europ\u00e9ennes du patrimoine, notre association vous donne rendez-vous le dimanche 21 septembre 2025 de 10h \u00e0 16h aux Archives d\u00e9partementales de La R\u00e9union, au c\u0153ur de [&hellip;]<\/p>\n","protected":false},"author":1,"featured_media":981,"comment_status":"open","ping_status":"open","sticky":false,"template":"","format":"standard","meta":{"_bbp_topic_count":0,"_bbp_reply_count":0,"_bbp_total_topic_count":0,"_bbp_total_reply_count":0,"_bbp_voice_count":0,"_bbp_anonymous_reply_count":0,"_bbp_topic_count_hidden":0,"_bbp_reply_count_hidden":0,"_bbp_forum_subforum_count":0,"_monsterinsights_skip_tracking":false,"_monsterinsights_sitenote_active":false,"_monsterinsights_sitenote_note":"","_monsterinsights_sitenote_category":0,"_uf_show_specific_survey":0,"_uf_disable_surveys":false,"_price":"","_stock":"","_tribe_ticket_header":"","_tribe_default_ticket_provider":"","_tribe_ticket_capacity":"0","_ticket_start_date":"","_ticket_end_date":"","_tribe_ticket_show_description":"","_tribe_ticket_show_not_going":false,"_tribe_ticket_use_global_stock":"","_tribe_ticket_global_stock_level":"","_global_stock_mode":"","_global_stock_cap":"","_tribe_rsvp_for_event":"","_tribe_ticket_going_count":"","_tribe_ticket_not_going_count":"","_tribe_tickets_list":"[]","_tribe_ticket_has_attendee_info_fields":false,"footnotes":"","_tec_slr_enabled":"","_tec_slr_layout":""},"categories":[167],"tags":[],"class_list":["post-1270","post","type-post","status-publish","format-standard","has-post-thumbnail","hentry","category-evenements"],"ticketed":false,"_links":{"self":[{"href":"https:\/\/www.lemuseedespompiers.re\/index.php\/wp-json\/wp\/v2\/posts\/1270","targetHints":{"allow":["GET"]}}],"collection":[{"href":"https:\/\/www.lemuseedespompiers.re\/index.php\/wp-json\/wp\/v2\/posts"}],"about":[{"href":"https:\/\/www.lemuseedespompiers.re\/index.php\/wp-json\/wp\/v2\/types\/post"}],"author":[{"embeddable":true,"href":"https:\/\/www.lemuseedespompiers.re\/index.php\/wp-json\/wp\/v2\/users\/1"}],"replies":[{"embeddable":true,"href":"https:\/\/www.lemuseedespompiers.re\/index.php\/wp-json\/wp\/v2\/comments?post=1270"}],"version-history":[{"count":4,"href":"https:\/\/www.lemuseedespompiers.re\/index.php\/wp-json\/wp\/v2\/posts\/1270\/revisions"}],"predecessor-version":[{"id":1275,"href":"https:\/\/www.lemuseedespompiers.re\/index.php\/wp-json\/wp\/v2\/posts\/1270\/revisions\/1275"}],"wp:featuredmedia":[{"embeddable":true,"href":"https:\/\/www.lemuseedespompiers.re\/index.php\/wp-json\/wp\/v2\/media\/981"}],"wp:attachment":[{"href":"https:\/\/www.lemuseedespompiers.re\/index.php\/wp-json\/wp\/v2\/media?parent=1270"}],"wp:term":[{"taxonomy":"category","embeddable":true,"href":"https:\/\/www.lemuseedespompiers.re\/index.php\/wp-json\/wp\/v2\/categories?post=1270"},{"taxonomy":"post_tag","embeddable":true,"href":"https:\/\/www.lemuseedespompiers.re\/index.php\/wp-json\/wp\/v2\/tags?post=1270"}],"curies":[{"name":"wp","href":"https:\/\/api.w.org\/{rel}","templated":true}]}}