{"id":1293,"date":"2025-09-30T09:14:57","date_gmt":"2025-09-30T07:14:57","guid":{"rendered":"https:\/\/www.lemuseedespompiers.re\/?p=1293"},"modified":"2025-09-30T09:18:52","modified_gmt":"2025-09-30T07:18:52","slug":"exposition-70-ans-du-sdis-un-deuxieme-bilan-prometteur","status":"publish","type":"post","link":"https:\/\/www.lemuseedespompiers.re\/index.php\/2025\/09\/30\/exposition-70-ans-du-sdis-un-deuxieme-bilan-prometteur\/","title":{"rendered":"Exposition \u00ab 70 ans du SDIS \u00bb : un deuxi\u00e8me bilan prometteur"},"content":{"rendered":"\n<p>Depuis le 16 juillet, l\u2019exposition consacr\u00e9e aux 70 ans du SDIS de La R\u00e9union est accueillie aux Archives d\u00e9partementales. Deux mois et demi apr\u00e8s son ouverture, le bilan permet de tirer plusieurs enseignements utiles pour la suite du projet de mus\u00e9e des sapeurs-pompiers.<\/p>\n\n\n\n<p><strong>Une fr\u00e9quentation significative malgr\u00e9 des conditions particuli\u00e8res<\/strong><br>Entre juillet et septembre, l\u2019exposition a r\u00e9uni 1 185 visiteurs. Dans le d\u00e9tail :<\/p>\n\n\n\n<ul class=\"wp-block-list\">\n<li>380 visiteurs \u00ab grand public \u00bb en acc\u00e8s libre ;<\/li>\n\n\n\n<li>615 \u00e9l\u00e8ves dans le cadre de sorties p\u00e9dagogiques ;<\/li>\n\n\n\n<li>190 visiteurs \u00e0 l\u2019occasion de la seule ouverture dominicale, lors des Journ\u00e9es europ\u00e9ennes du patrimoine.<\/li>\n<\/ul>\n\n\n\n<p>Ces chiffres doivent \u00eatre lus en tenant compte d\u2019une contrainte forte : l\u2019exposition n\u2019est ouverte qu\u2019en semaine, de 8h \u00e0 16h. Or, \u00e0 La R\u00e9union, les contraintes professionnelles et les trajets limitent les possibilit\u00e9s de visite en journ\u00e9e. Dans ce contexte, la venue de pr\u00e8s de 400 visiteurs en dehors du public scolaire est une donn\u00e9e encourageante.<\/p>\n\n\n\n<p><strong>Un int\u00e9r\u00eat scolaire massif<\/strong><br>Le chiffre de 615 scolaires accueillis en trois mois constitue un signal particuli\u00e8rement positif. Il confirme l\u2019adh\u00e9sion du rectorat et des enseignants au projet. L\u2019histoire des sapeurs-pompiers est per\u00e7ue comme un support pertinent d\u2019\u00e9ducation civique et de sensibilisation aux risques, ce qui correspond aux missions statutaires de l\u2019association et aux objectifs fix\u00e9s dans son business plan.<\/p>\n\n\n\n<p><strong>Un potentiel grand public d\u00e9montr\u00e9<\/strong><br>Les 190 visiteurs de la seule journ\u00e9e dominicale (JEP) montrent que, d\u00e8s que l\u2019acc\u00e8s est facilit\u00e9, le public se d\u00e9place. Cela confirme qu\u2019un mus\u00e9e permanent, ouvert le week-end et accompagn\u00e9 d\u2019\u00e9v\u00e9nements, peut trouver son audience aupr\u00e8s d\u2019un public plus large que les seuls scolaires.<\/p>\n\n\n\n<p><strong>Une exposition amput\u00e9e de sa pi\u00e8ce ma\u00eetresse<\/strong><br>Le v\u00e9hicule Laffly, inscrit aux Monuments historiques et consid\u00e9r\u00e9 comme la pi\u00e8ce centrale de la future collection, n\u2019a pas pu \u00eatre expos\u00e9 pour des raisons de conservation. L\u2019int\u00e9r\u00eat suscit\u00e9 par l\u2019exposition en son absence permet de mesurer l\u2019attractivit\u00e9 du th\u00e8me seul. L\u2019ajout du Laffly et d\u2019autres pi\u00e8ces embl\u00e9matiques renforcera m\u00e9caniquement l\u2019attrait d\u2019un futur mus\u00e9e.<\/p>\n\n\n\n<p><strong>Un \u00e9clairage favorable pour la suite<\/strong><br>Ce deuxi\u00e8me bilan ne constitue pas un aboutissement mais un jalon. Il montre que l\u2019histoire des sapeurs-pompiers de La R\u00e9union suscite une curiosit\u00e9 r\u00e9elle, que le volet \u00e9ducatif fonctionne et que le grand public r\u00e9pond pr\u00e9sent d\u00e8s que les conditions d\u2019acc\u00e8s sont \u00e9largies. Ces r\u00e9sultats fournissent des arguments solides pour poursuivre les d\u00e9marches de financement et d\u2019implantation du mus\u00e9e, en confirmant qu\u2019il r\u00e9pond \u00e0 une attente culturelle et p\u00e9dagogique de la population r\u00e9unionnaise.<\/p>\n","protected":false},"excerpt":{"rendered":"<p>Depuis le 16 juillet, l\u2019exposition consacr\u00e9e aux 70 ans du SDIS de La R\u00e9union est accueillie aux Archives d\u00e9partementales. Deux mois et demi apr\u00e8s son ouverture, le bilan permet de [&hellip;]<\/p>\n","protected":false},"author":1,"featured_media":1295,"comment_status":"open","ping_status":"open","sticky":false,"template":"","format":"standard","meta":{"_bbp_topic_count":0,"_bbp_reply_count":0,"_bbp_total_topic_count":0,"_bbp_total_reply_count":0,"_bbp_voice_count":0,"_bbp_anonymous_reply_count":0,"_bbp_topic_count_hidden":0,"_bbp_reply_count_hidden":0,"_bbp_forum_subforum_count":0,"_monsterinsights_skip_tracking":false,"_monsterinsights_sitenote_active":false,"_monsterinsights_sitenote_note":"","_monsterinsights_sitenote_category":0,"_uf_show_specific_survey":0,"_uf_disable_surveys":false,"_price":"","_stock":"","_tribe_ticket_header":"","_tribe_default_ticket_provider":"","_tribe_ticket_capacity":"0","_ticket_start_date":"","_ticket_end_date":"","_tribe_ticket_show_description":"","_tribe_ticket_show_not_going":false,"_tribe_ticket_use_global_stock":"","_tribe_ticket_global_stock_level":"","_global_stock_mode":"","_global_stock_cap":"","_tribe_rsvp_for_event":"","_tribe_ticket_going_count":"","_tribe_ticket_not_going_count":"","_tribe_tickets_list":"[]","_tribe_ticket_has_attendee_info_fields":false,"footnotes":"","_tec_slr_enabled":"","_tec_slr_layout":""},"categories":[167,43],"tags":[],"class_list":["post-1293","post","type-post","status-publish","format-standard","has-post-thumbnail","hentry","category-evenements","category-histoire-et-patrimoine"],"ticketed":false,"_links":{"self":[{"href":"https:\/\/www.lemuseedespompiers.re\/index.php\/wp-json\/wp\/v2\/posts\/1293","targetHints":{"allow":["GET"]}}],"collection":[{"href":"https:\/\/www.lemuseedespompiers.re\/index.php\/wp-json\/wp\/v2\/posts"}],"about":[{"href":"https:\/\/www.lemuseedespompiers.re\/index.php\/wp-json\/wp\/v2\/types\/post"}],"author":[{"embeddable":true,"href":"https:\/\/www.lemuseedespompiers.re\/index.php\/wp-json\/wp\/v2\/users\/1"}],"replies":[{"embeddable":true,"href":"https:\/\/www.lemuseedespompiers.re\/index.php\/wp-json\/wp\/v2\/comments?post=1293"}],"version-history":[{"count":2,"href":"https:\/\/www.lemuseedespompiers.re\/index.php\/wp-json\/wp\/v2\/posts\/1293\/revisions"}],"predecessor-version":[{"id":1297,"href":"https:\/\/www.lemuseedespompiers.re\/index.php\/wp-json\/wp\/v2\/posts\/1293\/revisions\/1297"}],"wp:featuredmedia":[{"embeddable":true,"href":"https:\/\/www.lemuseedespompiers.re\/index.php\/wp-json\/wp\/v2\/media\/1295"}],"wp:attachment":[{"href":"https:\/\/www.lemuseedespompiers.re\/index.php\/wp-json\/wp\/v2\/media?parent=1293"}],"wp:term":[{"taxonomy":"category","embeddable":true,"href":"https:\/\/www.lemuseedespompiers.re\/index.php\/wp-json\/wp\/v2\/categories?post=1293"},{"taxonomy":"post_tag","embeddable":true,"href":"https:\/\/www.lemuseedespompiers.re\/index.php\/wp-json\/wp\/v2\/tags?post=1293"}],"curies":[{"name":"wp","href":"https:\/\/api.w.org\/{rel}","templated":true}]}}