{"id":1299,"date":"2025-10-02T15:25:15","date_gmt":"2025-10-02T13:25:15","guid":{"rendered":"https:\/\/www.lemuseedespompiers.re\/?p=1299"},"modified":"2025-10-02T15:31:59","modified_gmt":"2025-10-02T13:31:59","slug":"retour-sur-les-journees-europeennes-du-patrimoine-21-septembre-2025","status":"publish","type":"post","link":"https:\/\/www.lemuseedespompiers.re\/index.php\/2025\/10\/02\/retour-sur-les-journees-europeennes-du-patrimoine-21-septembre-2025\/","title":{"rendered":"Retour sur les Journ\u00e9es europ\u00e9ennes du patrimoine \u2013 21 septembre 2025"},"content":{"rendered":"\n<p>Le dimanche 21 septembre, notre association a eu le privil\u00e8ge de participer aux Journ\u00e9es europ\u00e9ennes du patrimoine, organis\u00e9es aux Archives d\u00e9partementales de La R\u00e9union.<\/p>\n\n\n\n<p>Tout au long de la journ\u00e9e, nous avons accueilli de nombreux visiteurs, adultes comme enfants, venus d\u00e9couvrir l\u2019exposition \u00ab 70 ans au service de La R\u00e9union \u00bb consacr\u00e9e aux sapeurs-pompiers r\u00e9unionnais. Les visites guid\u00e9es, anim\u00e9es par Nicolas Folio, pr\u00e9sident de l\u2019association, ont permis d\u2019aller au-del\u00e0 de l\u2019histoire institutionnelle : comprendre ce qu\u2019est un feu, appr\u00e9hender les risques routiers, d\u00e9couvrir le m\u00e9tier de pompier et les valeurs de solidarit\u00e9 et de service public.<\/p>\n\n\n\n<p>Les temps d\u2019\u00e9change ont \u00e9t\u00e9 particuli\u00e8rement riches. Plusieurs ouvrages ont \u00e9t\u00e9 d\u00e9dicac\u00e9s, et l\u2019apr\u00e8s-midi a \u00e9t\u00e9 marqu\u00e9 par la pr\u00e9sence de <strong>Hugues Gigant<\/strong>, dont le parcours exceptionnel \u00e0 la Brigade de sapeurs-pompiers de Paris a suscit\u00e9 de nombreux t\u00e9moignages et questions. Sa disponibilit\u00e9 et son authenticit\u00e9 ont contribu\u00e9 \u00e0 la r\u00e9ussite de cette journ\u00e9e.<\/p>\n\n\n\n<p>Cet \u00e9v\u00e9nement a nourri notre r\u00e9flexion collective sur la cr\u00e9ation du <strong>Mus\u00e9e des Sapeurs-Pompiers de La R\u00e9union et de l\u2019Oc\u00e9an Indien<\/strong>. Il confirme l\u2019int\u00e9r\u00eat du public pour un lieu de m\u00e9moire et de transmission qui conjugue patrimoine, pr\u00e9vention et sensibilisation aux risques.<\/p>\n\n\n\n<p>Nous remercions chaleureusement les Archives d\u00e9partementales pour leur accueil et l\u2019ensemble des visiteurs pour leur curiosit\u00e9 et leur enthousiasme.<\/p>\n\n\n\n<p><\/p>\n\n\n\n<figure class=\"wp-block-gallery has-nested-images columns-default is-cropped wp-block-gallery-1 is-layout-flex wp-block-gallery-is-layout-flex\">\n<figure class=\"wp-block-image size-large\"><img loading=\"lazy\" decoding=\"async\" width=\"1024\" height=\"1024\" data-id=\"1301\" src=\"https:\/\/www.lemuseedespompiers.re\/wp-content\/uploads\/2025\/10\/WhatsApp-Image-2025-09-21-a-21.36.10_311e9128-1024x1024.jpg\" alt=\"\" class=\"wp-image-1301\" srcset=\"https:\/\/www.lemuseedespompiers.re\/wp-content\/uploads\/2025\/10\/WhatsApp-Image-2025-09-21-a-21.36.10_311e9128-1024x1024.jpg 1024w, https:\/\/www.lemuseedespompiers.re\/wp-content\/uploads\/2025\/10\/WhatsApp-Image-2025-09-21-a-21.36.10_311e9128-300x300.jpg 300w, https:\/\/www.lemuseedespompiers.re\/wp-content\/uploads\/2025\/10\/WhatsApp-Image-2025-09-21-a-21.36.10_311e9128-150x150.jpg 150w, https:\/\/www.lemuseedespompiers.re\/wp-content\/uploads\/2025\/10\/WhatsApp-Image-2025-09-21-a-21.36.10_311e9128-768x768.jpg 768w, https:\/\/www.lemuseedespompiers.re\/wp-content\/uploads\/2025\/10\/WhatsApp-Image-2025-09-21-a-21.36.10_311e9128-600x600.jpg 600w, https:\/\/www.lemuseedespompiers.re\/wp-content\/uploads\/2025\/10\/WhatsApp-Image-2025-09-21-a-21.36.10_311e9128-100x100.jpg 100w, https:\/\/www.lemuseedespompiers.re\/wp-content\/uploads\/2025\/10\/WhatsApp-Image-2025-09-21-a-21.36.10_311e9128.jpg 1280w\" sizes=\"auto, (max-width: 1024px) 100vw, 1024px\" \/><\/figure>\n\n\n\n<figure class=\"wp-block-image size-large\"><img loading=\"lazy\" decoding=\"async\" width=\"1024\" height=\"1024\" data-id=\"1300\" src=\"https:\/\/www.lemuseedespompiers.re\/wp-content\/uploads\/2025\/10\/WhatsApp-Image-2025-09-21-a-21.36.10_6400a448-1024x1024.jpg\" alt=\"\" class=\"wp-image-1300\" srcset=\"https:\/\/www.lemuseedespompiers.re\/wp-content\/uploads\/2025\/10\/WhatsApp-Image-2025-09-21-a-21.36.10_6400a448-1024x1024.jpg 1024w, https:\/\/www.lemuseedespompiers.re\/wp-content\/uploads\/2025\/10\/WhatsApp-Image-2025-09-21-a-21.36.10_6400a448-300x300.jpg 300w, https:\/\/www.lemuseedespompiers.re\/wp-content\/uploads\/2025\/10\/WhatsApp-Image-2025-09-21-a-21.36.10_6400a448-150x150.jpg 150w, https:\/\/www.lemuseedespompiers.re\/wp-content\/uploads\/2025\/10\/WhatsApp-Image-2025-09-21-a-21.36.10_6400a448-768x768.jpg 768w, https:\/\/www.lemuseedespompiers.re\/wp-content\/uploads\/2025\/10\/WhatsApp-Image-2025-09-21-a-21.36.10_6400a448-600x600.jpg 600w, https:\/\/www.lemuseedespompiers.re\/wp-content\/uploads\/2025\/10\/WhatsApp-Image-2025-09-21-a-21.36.10_6400a448-100x100.jpg 100w, https:\/\/www.lemuseedespompiers.re\/wp-content\/uploads\/2025\/10\/WhatsApp-Image-2025-09-21-a-21.36.10_6400a448.jpg 1280w\" sizes=\"auto, (max-width: 1024px) 100vw, 1024px\" \/><\/figure>\n\n\n\n<figure class=\"wp-block-image size-large\"><img loading=\"lazy\" decoding=\"async\" width=\"878\" height=\"1024\" data-id=\"1304\" src=\"https:\/\/www.lemuseedespompiers.re\/wp-content\/uploads\/2025\/10\/WhatsApp-Image-2025-09-21-a-21.36.21_9ad0351a-878x1024.jpg\" alt=\"\" class=\"wp-image-1304\" srcset=\"https:\/\/www.lemuseedespompiers.re\/wp-content\/uploads\/2025\/10\/WhatsApp-Image-2025-09-21-a-21.36.21_9ad0351a-878x1024.jpg 878w, https:\/\/www.lemuseedespompiers.re\/wp-content\/uploads\/2025\/10\/WhatsApp-Image-2025-09-21-a-21.36.21_9ad0351a-257x300.jpg 257w, https:\/\/www.lemuseedespompiers.re\/wp-content\/uploads\/2025\/10\/WhatsApp-Image-2025-09-21-a-21.36.21_9ad0351a-768x895.jpg 768w, https:\/\/www.lemuseedespompiers.re\/wp-content\/uploads\/2025\/10\/WhatsApp-Image-2025-09-21-a-21.36.21_9ad0351a-600x699.jpg 600w, https:\/\/www.lemuseedespompiers.re\/wp-content\/uploads\/2025\/10\/WhatsApp-Image-2025-09-21-a-21.36.21_9ad0351a.jpg 1098w\" sizes=\"auto, (max-width: 878px) 100vw, 878px\" \/><\/figure>\n\n\n\n<figure class=\"wp-block-image size-large\"><img loading=\"lazy\" decoding=\"async\" width=\"1024\" height=\"771\" data-id=\"1305\" src=\"https:\/\/www.lemuseedespompiers.re\/wp-content\/uploads\/2025\/10\/WhatsApp-Image-2025-10-02-a-17.00.07_c85678a3-1024x771.jpg\" alt=\"\" class=\"wp-image-1305\" srcset=\"https:\/\/www.lemuseedespompiers.re\/wp-content\/uploads\/2025\/10\/WhatsApp-Image-2025-10-02-a-17.00.07_c85678a3-1024x771.jpg 1024w, https:\/\/www.lemuseedespompiers.re\/wp-content\/uploads\/2025\/10\/WhatsApp-Image-2025-10-02-a-17.00.07_c85678a3-300x226.jpg 300w, https:\/\/www.lemuseedespompiers.re\/wp-content\/uploads\/2025\/10\/WhatsApp-Image-2025-10-02-a-17.00.07_c85678a3-768x578.jpg 768w, https:\/\/www.lemuseedespompiers.re\/wp-content\/uploads\/2025\/10\/WhatsApp-Image-2025-10-02-a-17.00.07_c85678a3-1536x1156.jpg 1536w, https:\/\/www.lemuseedespompiers.re\/wp-content\/uploads\/2025\/10\/WhatsApp-Image-2025-10-02-a-17.00.07_c85678a3-1320x993.jpg 1320w, https:\/\/www.lemuseedespompiers.re\/wp-content\/uploads\/2025\/10\/WhatsApp-Image-2025-10-02-a-17.00.07_c85678a3-600x452.jpg 600w, https:\/\/www.lemuseedespompiers.re\/wp-content\/uploads\/2025\/10\/WhatsApp-Image-2025-10-02-a-17.00.07_c85678a3.jpg 1600w\" sizes=\"auto, (max-width: 1024px) 100vw, 1024px\" \/><\/figure>\n\n\n\n<figure class=\"wp-block-image size-large\"><img loading=\"lazy\" decoding=\"async\" width=\"1024\" height=\"756\" data-id=\"1302\" src=\"https:\/\/www.lemuseedespompiers.re\/wp-content\/uploads\/2025\/10\/WhatsApp-Image-2025-10-02-a-17.00.08_0e31d394-1024x756.jpg\" alt=\"\" class=\"wp-image-1302\" srcset=\"https:\/\/www.lemuseedespompiers.re\/wp-content\/uploads\/2025\/10\/WhatsApp-Image-2025-10-02-a-17.00.08_0e31d394-1024x756.jpg 1024w, https:\/\/www.lemuseedespompiers.re\/wp-content\/uploads\/2025\/10\/WhatsApp-Image-2025-10-02-a-17.00.08_0e31d394-300x222.jpg 300w, https:\/\/www.lemuseedespompiers.re\/wp-content\/uploads\/2025\/10\/WhatsApp-Image-2025-10-02-a-17.00.08_0e31d394-768x567.jpg 768w, https:\/\/www.lemuseedespompiers.re\/wp-content\/uploads\/2025\/10\/WhatsApp-Image-2025-10-02-a-17.00.08_0e31d394-600x443.jpg 600w, https:\/\/www.lemuseedespompiers.re\/wp-content\/uploads\/2025\/10\/WhatsApp-Image-2025-10-02-a-17.00.08_0e31d394.jpg 1158w\" sizes=\"auto, (max-width: 1024px) 100vw, 1024px\" \/><\/figure>\n<\/figure>\n","protected":false},"excerpt":{"rendered":"<p>Le dimanche 21 septembre, notre association a eu le privil\u00e8ge de participer aux Journ\u00e9es europ\u00e9ennes du patrimoine, organis\u00e9es aux Archives d\u00e9partementales de La R\u00e9union. Tout au long de la journ\u00e9e, [&hellip;]<\/p>\n","protected":false},"author":1,"featured_media":1302,"comment_status":"open","ping_status":"open","sticky":false,"template":"","format":"standard","meta":{"_bbp_topic_count":0,"_bbp_reply_count":0,"_bbp_total_topic_count":0,"_bbp_total_reply_count":0,"_bbp_voice_count":0,"_bbp_anonymous_reply_count":0,"_bbp_topic_count_hidden":0,"_bbp_reply_count_hidden":0,"_bbp_forum_subforum_count":0,"_monsterinsights_skip_tracking":false,"_monsterinsights_sitenote_active":false,"_monsterinsights_sitenote_note":"","_monsterinsights_sitenote_category":0,"_uf_show_specific_survey":0,"_uf_disable_surveys":false,"_price":"","_stock":"","_tribe_ticket_header":"","_tribe_default_ticket_provider":"","_tribe_ticket_capacity":"0","_ticket_start_date":"","_ticket_end_date":"","_tribe_ticket_show_description":"","_tribe_ticket_show_not_going":false,"_tribe_ticket_use_global_stock":"","_tribe_ticket_global_stock_level":"","_global_stock_mode":"","_global_stock_cap":"","_tribe_rsvp_for_event":"","_tribe_ticket_going_count":"","_tribe_ticket_not_going_count":"","_tribe_tickets_list":"[]","_tribe_ticket_has_attendee_info_fields":false,"footnotes":"","_tec_slr_enabled":"","_tec_slr_layout":""},"categories":[167,43],"tags":[],"class_list":["post-1299","post","type-post","status-publish","format-standard","has-post-thumbnail","hentry","category-evenements","category-histoire-et-patrimoine"],"ticketed":false,"_links":{"self":[{"href":"https:\/\/www.lemuseedespompiers.re\/index.php\/wp-json\/wp\/v2\/posts\/1299","targetHints":{"allow":["GET"]}}],"collection":[{"href":"https:\/\/www.lemuseedespompiers.re\/index.php\/wp-json\/wp\/v2\/posts"}],"about":[{"href":"https:\/\/www.lemuseedespompiers.re\/index.php\/wp-json\/wp\/v2\/types\/post"}],"author":[{"embeddable":true,"href":"https:\/\/www.lemuseedespompiers.re\/index.php\/wp-json\/wp\/v2\/users\/1"}],"replies":[{"embeddable":true,"href":"https:\/\/www.lemuseedespompiers.re\/index.php\/wp-json\/wp\/v2\/comments?post=1299"}],"version-history":[{"count":1,"href":"https:\/\/www.lemuseedespompiers.re\/index.php\/wp-json\/wp\/v2\/posts\/1299\/revisions"}],"predecessor-version":[{"id":1306,"href":"https:\/\/www.lemuseedespompiers.re\/index.php\/wp-json\/wp\/v2\/posts\/1299\/revisions\/1306"}],"wp:featuredmedia":[{"embeddable":true,"href":"https:\/\/www.lemuseedespompiers.re\/index.php\/wp-json\/wp\/v2\/media\/1302"}],"wp:attachment":[{"href":"https:\/\/www.lemuseedespompiers.re\/index.php\/wp-json\/wp\/v2\/media?parent=1299"}],"wp:term":[{"taxonomy":"category","embeddable":true,"href":"https:\/\/www.lemuseedespompiers.re\/index.php\/wp-json\/wp\/v2\/categories?post=1299"},{"taxonomy":"post_tag","embeddable":true,"href":"https:\/\/www.lemuseedespompiers.re\/index.php\/wp-json\/wp\/v2\/tags?post=1299"}],"curies":[{"name":"wp","href":"https:\/\/api.w.org\/{rel}","templated":true}]}}